{"id":198,"date":"2019-10-08T19:35:46","date_gmt":"2019-10-08T17:35:46","guid":{"rendered":"http:\/\/jacquesreverchon.fr\/?p=198"},"modified":"2019-10-10T09:11:43","modified_gmt":"2019-10-10T07:11:43","slug":"evenement-2","status":"publish","type":"post","link":"https:\/\/jacquesreverchon.fr\/index.php\/2019\/10\/08\/evenement-2\/","title":{"rendered":"R\u00e9sonance intemporelle Lyon 16-30 novembre 2019"},"content":{"rendered":"<p><span style=\"font-size: 18pt;\"><em> <div class=\"su-heading su-heading-style-default su-heading-align-left\" id=\"\" style=\"font-size:14px;margin-bottom:0px\"><div class=\"su-heading-inner\"><\/em><\/span><\/p>\n<p><span style=\"font-size: 18pt;\"><em><strong><span style=\"font-size: 24pt;\">Jacques Reverchon,\u00a0 <span style=\"font-size: 14pt;\">peintre et graveur<\/span>\u00a0 <\/span><\/strong><\/em><\/span><strong><em>\u00a0\u00a0 <span style=\"font-size: 18pt;\">&amp;<\/span> \u00a0 \u00a0 \u00a0 <\/em><\/strong><strong><em><span style=\"font-size: 24pt;\">Estelle Reverchon,\u00a0<\/span><\/em><\/strong><strong><em><span style=\"font-size: 14pt;\"> sculptrice<\/span><br \/>\n<\/em><\/strong><\/p>\n<p><span style=\"font-size: 18pt;\">\u00e0 la galerie de la Tour, 16 rue du B\u0153uf \u00e0 Lyon 5 \u00e8me, du 16 au 30 novembre 2019 tous les jours de 11h \u00e0 19h<\/span><\/p>\n<p><strong><em> <\/div><\/div><\/em><\/strong><\/p>\n<p>Cette nouvelle exposition consacr\u00e9e \u00e0 l\u2019\u0153uvre de <strong>Jacques Reverchon<\/strong> se d\u00e9roule dans la ville de ses anc\u00eatres en r\u00e9sonance avec l\u2019\u0153uvre d\u2019<strong>Estelle Reverchon<\/strong> une jeune cousine sculptrice.<\/p>\n<p><strong>Jacques Reverchon<\/strong>, n\u00e9 \u00e0 Paris en 1927, d\u00e9c\u00e9d\u00e9 \u00e0 Tourcoing en mai 1968 a suivi les cours de l\u2019Ecole des Beaux-arts de Paris. Second grand prix de Rome et prix Blumenthal en 1952, il va partir en Espagne comme pensionnaire de la <em>Casa Velasquez<\/em> \u00e0 l\u2019Institut de France \u00e0 Madrid et d\u00e9couvrir ce pays profond\u00e9ment meurtrie par des ann\u00e9es de guerre civile, et surtout par le franquisme. De retour en France, il enseigna en coll\u00e8ge puis fonda l\u2019atelier de gravure de l\u2019Ecole d\u2019art de Tourcoing en 1962. Ses gravures expriment la force de la vie, ses aquarelles explosent de couleurs et ses huiles apportent calme et s\u00e9r\u00e9nit\u00e9.<\/p>\n<p><a href=\"http:\/\/www.estelle-reverchon.com\/blog\/\" target=\"_blank\" rel=\"noopener noreferrer\"><strong>Estelle Reverchon <\/strong><\/a>d\u00e9couvre d\u00e8s 1988 les diff\u00e9rentes techniques de dessin, peinture et gravure fait son apprentissage de sculpture et techniques mixtes dans les ateliers parisiens. D\u00e8s lors elle se consacre \u00e0 cet art et cr\u00e9e des \u0153uvres originales sur des th\u00e8mes divers\u00a0: animaux, personnages, composition.<\/p>\n<p>Elle fa\u00e7onne et mod\u00e8le jusqu&#8217;\u00e0 donner une \u00e9motion propre \u00e0 chaque \u0153uvre. Chacune de ses sculptures est \u00e0 la recherche d&#8217;un \u00e9quilibre fragile de la Vie, du Monde et du Sacr\u00e9. Ces sujets bougent et s&#8217;\u00e9lancent dans l&#8217;espace. Au volume, elle ajoute une quatri\u00e8me dimension : le mouvement.<\/p>\n<p><span style=\"font-size: 18pt;\"><strong>Jacques Reverchon (1927-1968)<\/strong><\/span><\/p>\n<p>N\u00e9 en 1927, Jacques Reverchon consacra sa vie \u00e0 la peinture et \u00e0 la gravure. Apr\u00e8s une mort brutale en 1968, une \u00e9poque charni\u00e8re dans l\u2019histoire de l\u2019Art, il fut presque oubli\u00e9, comme bien d\u2019autres de ces peintres figuratifs des ann\u00e9es 50, derri\u00e8re les vagues successives de l\u2019art contemporain. Depuis quelques ann\u00e9es l\u2019Association <em>Les amis de Jacques Reverchon<\/em> travaille \u00e0 la diffusion de son \u0153uvre en multipliant les \u00e9v\u00e9nements. Consciente de la place dans l\u2019histoire de l\u2019Art d\u2019un l\u2019artiste salu\u00e9 par la Critique et r\u00e9compens\u00e9 par des prix prestigieux (Second Prix de Rome en 1952).<\/p>\n<p>C\u2019est au c\u0153ur du Vieux Lyon, en r\u00e9sonance avec le travail de sculpture d\u2019Estelle Reverchon que se tient cette nouvelle exposition. A deux pas de la galerie de Jean Clerc, Caracalla, o\u00f9 Jacques Reverchon exposa pendant des ann\u00e9es. Dans la ville d\u2019origine de son p\u00e8re, Joseph Reverchon, imprimeur, o\u00f9 l\u2019artiste en herbe passa quelques ann\u00e9es de guerre, pensionnaire \u00e0 Saint Bruno des Chartreux. Fid\u00e8le \u00e0 ses attaches familiales, il revint \u00e0 Lyon toute sa vie.<\/p>\n<p>A la Galerie de la Tour, le public d\u00e9couvrira plusieurs facettes de l\u2019\u0153uvre de Jacques Reverchon\u00a0: le noir et blanc\u2026 et la couleur\u00a0; la puissance, l\u2019affirmation du trait dans ses estampes et la libert\u00e9 de la touche dans ses aquarelles et ses huiles.<\/p>\n<p>Jacques Reverchon a toujours dessin\u00e9. Sa sensibilit\u00e9 artistique et son talent n\u00e9s \u00e0 la source d\u2019une enfance parisienne et dauphinoise, ont trouv\u00e9 \u00e0 s\u2019exprimer lors de ses Etudes aux Beaux-arts de Paris dans la mouvance de l\u2019Ecole de Paris et une fascination pour Rembrandt. Puis ils ont m\u00fbri dans le creuset de son \u00e2me de peintre itin\u00e9rant. Car ce sont les voyages du Sud au Nord de l\u2019Europe, les paysages travers\u00e9s et les rencontres qui ont fa\u00e7onn\u00e9 l\u2019homme et l\u2019\u0153uvre. Tout d\u2019abord en Italie o\u00f9, \u00e9tudiant travailleur et dou\u00e9, il b\u00e9n\u00e9ficie de voyages d\u2019\u00e9tudes sur les traces des grands Ma\u00eetres et s\u2019enivre autant des fresques du Quattrocento que de la campagne et de la lumi\u00e8re m\u00e9diterran\u00e9enne.<\/p>\n<p>Puis au milieu des ann\u00e9es 50, l\u2019Espagne, insufflera toute la force \u00e0 son \u0153uvre\u00a0: depuis la Casa de Vel\u00e1zquez \u00e0 Madrid, il part \u00e9t\u00e9 comme hiver, en train puis \u00e0 v\u00e9lo ou \u00e0 pied sur les routes de Castille et d\u2019Andalousie. Dans la lign\u00e9e de Goya, la po\u00e9sie de Lorca, ses eaux fortes contrast\u00e9es et puissantes \u00e9crivent les paysages travers\u00e9s, la sensualit\u00e9 des danseuses espagnoles, les visages burin\u00e9s des hommes de la terre, la simplicit\u00e9 des tables espagnoles, la brutalit\u00e9 des corridas. Elles deviennent l\u2019expression d\u2019un artiste engag\u00e9 qui, entre ombre et lumi\u00e8re, veut imprimer tout le tragique de l\u2019Espagne franquiste des ann\u00e9es 50. L\u2019Espagne restera \u00e0 jamais terre d\u2019adoption.<\/p>\n<p>Lorsqu\u2019il revient \u00e0 Paris, ville de naissance et port d\u2019attache, le graveur laisse avec l\u00e9g\u00e8ret\u00e9 et libert\u00e9 une place grandissante au peintre. Qui explore autant la ville, que ses divertissements et toutes les mani\u00e8res de les exalter par une palette tr\u00e8s color\u00e9e.<\/p>\n<p>Dans les ann\u00e9es 60, professeur \u00e0 Tourcoing, ce sont les ciels immenses du Nord de la France et de l\u2019Europe qui vibrent sous son pinceau. Et dans ses estampes, les plats paysages de Flandres scand\u00e9s d\u2019arbres immenses donnent rendez-vous \u00e0 Rembrandt tout en y imprimant un fort caract\u00e8re espagnol.<\/p>\n<p><em>J\u2019ai \u00e9pous\u00e9 l\u2019Art,<\/em> disait l\u2019artiste, une foi dans son travail chevill\u00e9e au corps et \u00e0 l\u2019\u00e2me, et l\u2019autorit\u00e9 sereine des \u00eatres en harmonie avec leurs actes. Il n\u2019eut pas peur de vivre en symbiose avec les grands ma\u00eetres de la Peinture, dans une approche figurative choisie. L\u2019Abstraction ne fut pour lui qu\u2019anecdotique. L\u2019importance de la rencontre avec l\u2019Autre, l\u2019amour de la nature, un profond d\u00e9sir de transmettre sa passion pour l\u2019Art et la Beaut\u00e9, son temp\u00e9rament d\u2019artiste engag\u00e9 passaient pour lui essentiellement par le trait. Le dessin est l\u2019\u00e9criture de l\u2019inspiration, il a une importance capitale pour un peintre, un sculpteur, un graveur, car il est une recherche honn\u00eate et franche \u00e9crivait-il en 1962. Il n\u2019eut pas peur de se confronter aux th\u00e8mes de son \u00e9poque. En cr\u00e9ant de nouveaux points de vue, en y glissant sa propre symbolique.<\/p>\n<p>Avec paysages et animaux (particuli\u00e8rement les chevaux) la figure humaine fut au c\u0153ur de son travail, \u00e0 travers des th\u00e8mes comme danse, cirque, musique, corrida, sc\u00e8nes de rue, portraits, nus\u2026 Des sources d\u2019inspiration dans lesquelles Estelle Reverchon-Sentis, dessinatrice dans l\u2019espace, le rejoint avec un travail de sculpture tout en mouvement et \u00e9lan.<\/p>\n<p>Estelle Goutorbe, historienne d\u2019Art<\/p>\n<p>&nbsp;<\/p>\n<p>&nbsp;<\/p>\n<p><span style=\"font-size: 18pt;\"><strong>Estelle Reverchon, Sculpteur<\/strong><\/span><\/p>\n<p>D\u00e8s 1988, Estelle Reverchon d\u00e9couvre les diff\u00e9rentes techniques de dessin, peinture et gravure puis elle fait son apprentissage de sculpture et techniques mixtes dans les ateliers parisiens. D\u00e8s lors elle se consacre \u00e0 cet art et cr\u00e9e des \u0153uvres originales sur des th\u00e8mes divers\u00a0: animaux, personnages, compositions.<\/p>\n<p>Elle fa\u00e7onne et mod\u00e8le jusqu&#8217;\u00e0 donner une \u00e9motion propre \u00e0 chaque \u0153uvre.<\/p>\n<p>Chacune de ses sculptures est \u00e0 la recherche d&#8217;un \u00e9quilibre fragile de la Vie, du Monde et du Sacr\u00e9. Ces sujets bougent et s&#8217;\u00e9lancent dans l&#8217;espace. Au volume, elle ajoute une quatri\u00e8me dimension : le mouvement.<\/p>\n<p>Des expositions, en r\u00e9gions parisienne et lyonnaise principalement, lui apportent une certaine notori\u00e9t\u00e9. Elle est choisie pour plusieurs commandes comme<\/p>\n<p><em>\u00abCr\u00e8che\u00bb de la basilique de Fourvi\u00e8re \u00e0 Lyon<\/em><\/p>\n<p><em>\u00abSt Jean Paul II\u00bb, en l&#8217;\u00e9glise de Saint Louis en l&#8217; \u00cele \u00e0 Paris.<\/em><\/p>\n<p><em>\u00abCroix\u00bb, \u00e9glise St Nicolas, Saint Jorioz (74)<\/em><\/p>\n<p><em>\u00abSaint Vincent de Paul\u00bb, H\u00f4tel Dieu de Ch\u00e2tillon-sur-Charronne (01)<\/em><\/p>\n<p>Marie Christine Hugonot d&#8217; \u00abElle magazine\u00bb caract\u00e9rise ainsi son \u0153uvre\u00a0:<\/p>\n<p>\u00ab\u00a0Pour Estelle, l\u2019art est vecteur d\u2019\u00e9motion, il doit \u00eatre libre et vrai. Son \u0153uvre sculpt\u00e9e illustre ce refus d\u2019enfermement dans un style, ce besoin de suivre l\u2019inspiration du moment \u00e0 la fois dans le choix du sujet, de son interpr\u00e9tation et de la mati\u00e8re. Modeleur, elle utilise des techniques mixtes en jouant avec des armatures en fer, du pl\u00e2tre, de la r\u00e9sine ou du bronze. Le r\u00e9sultat a\u00e9rien, tr\u00e8s expressif, enchante.\u00a0\u00bb<\/p>\n<p><strong>R\u00e9sonances intemporelles<\/strong><\/p>\n<p>L&#8217;opportunit\u00e9 d&#8217;exposer avec les \u0153uvres de Jacques Reverchon, grand cousin graveur et peintre de quarante ans son a\u00een\u00e9, lui apporte une grande joie\u00a0:<\/p>\n<p><em>\u00ab Exposer avec les \u0153uvres de Jacques Reverchon, qui me pr\u00e9c\u00e8de d&#8217;une g\u00e9n\u00e9ration, est une aventure unique. Mettre en miroir notre travail r\u00e9v\u00e8le notre sensibilit\u00e9 commune sur l&#8217;instant pr\u00e9sent. Peindre, graver, sculpter, modeler\u00a0: notre technique se met au service de l&#8217;\u00e9motion pure, celle qui touche au c\u0153ur. Dans les lignes de gravure de Jacques, je retrouve mes empreintes dans la terre. Entre profondeur et s\u00e9r\u00e9nit\u00e9, \u00ab\u00a0notre palette\u00a0\u00bb \u00e9volue librement dans ce qui nous touche au plus profond. Le temps qui nous s\u00e9pare, n&#8217;existe plus.\u00a0\u00bb<\/em><\/p>\n<p>Estelle Reverchon 06 65 17 69 65 \u2013 estelle-reverchon.com<\/p>\n","protected":false},"excerpt":{"rendered":"<p>Cette nouvelle exposition consacr\u00e9e \u00e0 l\u2019\u0153uvre de Jacques Reverchon se d\u00e9roule dans la ville de ses anc\u00eatres en r\u00e9sonance avec l\u2019\u0153uvre d\u2019Estelle Reverchon une jeune cousine sculptrice. Jacques Reverchon, n\u00e9 \u00e0 Paris en 1927, d\u00e9c\u00e9d\u00e9 \u00e0 Tourcoing en mai 1968 a suivi les cours de l\u2019Ecole des Beaux-arts de Paris. Second grand prix de Rome [&hellip;]<\/p>\n","protected":false},"author":1,"featured_media":255,"comment_status":"open","ping_status":"open","sticky":false,"template":"","format":"standard","meta":{"footnotes":""},"categories":[10],"tags":[],"class_list":["post-198","post","type-post","status-publish","format-standard","has-post-thumbnail","hentry","category-evenements"],"_links":{"self":[{"href":"https:\/\/jacquesreverchon.fr\/index.php\/wp-json\/wp\/v2\/posts\/198","targetHints":{"allow":["GET"]}}],"collection":[{"href":"https:\/\/jacquesreverchon.fr\/index.php\/wp-json\/wp\/v2\/posts"}],"about":[{"href":"https:\/\/jacquesreverchon.fr\/index.php\/wp-json\/wp\/v2\/types\/post"}],"author":[{"embeddable":true,"href":"https:\/\/jacquesreverchon.fr\/index.php\/wp-json\/wp\/v2\/users\/1"}],"replies":[{"embeddable":true,"href":"https:\/\/jacquesreverchon.fr\/index.php\/wp-json\/wp\/v2\/comments?post=198"}],"version-history":[{"count":5,"href":"https:\/\/jacquesreverchon.fr\/index.php\/wp-json\/wp\/v2\/posts\/198\/revisions"}],"predecessor-version":[{"id":502,"href":"https:\/\/jacquesreverchon.fr\/index.php\/wp-json\/wp\/v2\/posts\/198\/revisions\/502"}],"wp:featuredmedia":[{"embeddable":true,"href":"https:\/\/jacquesreverchon.fr\/index.php\/wp-json\/wp\/v2\/media\/255"}],"wp:attachment":[{"href":"https:\/\/jacquesreverchon.fr\/index.php\/wp-json\/wp\/v2\/media?parent=198"}],"wp:term":[{"taxonomy":"category","embeddable":true,"href":"https:\/\/jacquesreverchon.fr\/index.php\/wp-json\/wp\/v2\/categories?post=198"},{"taxonomy":"post_tag","embeddable":true,"href":"https:\/\/jacquesreverchon.fr\/index.php\/wp-json\/wp\/v2\/tags?post=198"}],"curies":[{"name":"wp","href":"https:\/\/api.w.org\/{rel}","templated":true}]}}